{"id":1828,"date":"2024-10-08T11:52:52","date_gmt":"2024-10-08T09:52:52","guid":{"rendered":"https:\/\/actionnairespourleclimat.org\/?p=1828"},"modified":"2025-10-20T10:22:56","modified_gmt":"2025-10-20T08:22:56","slug":"stress-test-climatique-du-cac-40-2eme-edition","status":"publish","type":"post","link":"https:\/\/actionnairespourleclimat.org\/index.php\/2024\/10\/08\/stress-test-climatique-du-cac-40-2eme-edition\/","title":{"rendered":"Stress test climatique du CAC 40 \u2013 2\u00e8me \u00e9dition"},"content":{"rendered":"<p><strong><\/strong><\/p>\n<p>S\u2019appuyant sur les donn\u00e9es issues des Documents d\u2019Enregistrement Universel des soci\u00e9t\u00e9s, les pr\u00e9sents stress tests analysent la r\u00e9sistance des soci\u00e9t\u00e9s du CAC 40 \u00e0 la sensibilit\u00e9 des 4 variables suivantes :<\/p>\n\n<ul class=\"wp-block-list\">\n<li>Valeur du carbone entre 2024 et 2030<\/li>\n\n<li>Valeur \u00e9cosyst\u00e9mique de l\u2019eau entre 2024 et 2030<\/li>\n\n<li>Taux d\u2019actualisation<\/li>\n\n<li>P\u00e9rim\u00e8tre des \u00e9missions de gaz \u00e0 effet de serre retenu (% Scope 3)<\/li>\n<\/ul>\n<p><strong><\/strong><\/p>\t\t\n\t\t\t\t\t<a href=\"https:\/\/actionnairespourleclimat.org\/wp-content\/uploads\/2024\/11\/5Rapport-annuel-2023-Stress-tests-climatiques-du-Cac-40-2Sme-\u201adition-Vdef1.pdf\" target=\"_blank\">\n\t\t\t\t\t\t\t\t\tT\u00e9l\u00e9charger le rapport de stress tests climatiques 2\u00e8me \u00e9dition\n\t\t\t\t\t<\/a>","protected":false},"excerpt":{"rendered":"<p>S\u2019appuyant sur les donn\u00e9es issues des Documents d\u2019Enregistrement Universel des soci\u00e9t\u00e9s, les pr\u00e9sents stress tests analysent la r\u00e9sistance des soci\u00e9t\u00e9s du CAC 40 \u00e0 la sensibilit\u00e9 des 4 variables suivantes : T\u00e9l\u00e9charger le rapport de stress tests climatiques 2\u00e8me \u00e9dition<\/p>\n","protected":false},"author":1,"featured_media":1813,"comment_status":"open","ping_status":"open","sticky":false,"template":"","format":"standard","meta":{"footnotes":""},"categories":[1],"tags":[],"class_list":["post-1828","post","type-post","status-publish","format-standard","has-post-thumbnail","hentry","category-non-classe"],"yoast_head":"<!-- This site is optimized with the Yoast SEO plugin v27.5 - https:\/\/yoast.com\/product\/yoast-seo-wordpress\/ -->\n<title>Stress test climatique du CAC 40 \u2013 2\u00e8me \u00e9dition - Actionnaires pour le climat<\/title>\n<meta name=\"robots\" content=\"index, follow, max-snippet:-1, max-image-preview:large, max-video-preview:-1\" \/>\n<link rel=\"canonical\" href=\"https:\/\/actionnairespourleclimat.org\/index.php\/2024\/10\/08\/stress-test-climatique-du-cac-40-2eme-edition\/\" \/>\n<meta property=\"og:locale\" content=\"fr_FR\" \/>\n<meta property=\"og:type\" content=\"article\" \/>\n<meta property=\"og:title\" content=\"Stress test climatique du CAC 40 \u2013 2\u00e8me \u00e9dition - Actionnaires pour le climat\" \/>\n<meta property=\"og:description\" content=\"S\u2019appuyant sur les donn\u00e9es issues des Documents d\u2019Enregistrement Universel des soci\u00e9t\u00e9s, les pr\u00e9sents stress tests analysent la r\u00e9sistance des soci\u00e9t\u00e9s du CAC 40 \u00e0 la sensibilit\u00e9 des 4 variables suivantes : T\u00e9l\u00e9charger le rapport de stress tests climatiques 2\u00e8me \u00e9dition\" \/>\n<meta property=\"og:url\" content=\"https:\/\/actionnairespourleclimat.org\/index.php\/2024\/10\/08\/stress-test-climatique-du-cac-40-2eme-edition\/\" \/>\n<meta property=\"og:site_name\" content=\"Actionnaires pour le climat\" \/>\n<meta property=\"article:published_time\" content=\"2024-10-08T09:52:52+00:00\" \/>\n<meta property=\"article:modified_time\" content=\"2025-10-20T08:22:56+00:00\" \/>\n<meta property=\"og:image\" content=\"https:\/\/actionnairespourleclimat.org\/wp-content\/uploads\/2024\/11\/5Image-stress-tests.jpg\" \/>\n\t<meta property=\"og:image:width\" content=\"1000\" \/>\n\t<meta property=\"og:image:height\" content=\"500\" \/>\n\t<meta property=\"og:image:type\" content=\"image\/jpeg\" \/>\n<meta name=\"author\" content=\"admin2861\" \/>\n<meta name=\"twitter:card\" content=\"summary_large_image\" \/>\n<meta name=\"twitter:label1\" content=\"\u00c9crit par\" \/>\n\t<meta name=\"twitter:data1\" content=\"admin2861\" \/>\n\t<meta name=\"twitter:label2\" content=\"Dur\u00e9e de lecture estim\u00e9e\" \/>\n\t<meta name=\"twitter:data2\" content=\"1 minute\" \/>\n<script type=\"application\/ld+json\" class=\"yoast-schema-graph\">{\"@context\":\"https:\\\/\\\/schema.org\",\"@graph\":[{\"@type\":\"Article\",\"@id\":\"https:\\\/\\\/actionnairespourleclimat.org\\\/index.php\\\/2024\\\/10\\\/08\\\/stress-test-climatique-du-cac-40-2eme-edition\\\/#article\",\"isPartOf\":{\"@id\":\"https:\\\/\\\/actionnairespourleclimat.org\\\/index.php\\\/2024\\\/10\\\/08\\\/stress-test-climatique-du-cac-40-2eme-edition\\\/\"},\"author\":{\"name\":\"admin2861\",\"@id\":\"https:\\\/\\\/actionnairespourleclimat.org\\\/#\\\/schema\\\/person\\\/431f58277034f5d470c5b8f3dc9b4c6c\"},\"headline\":\"Stress test climatique du CAC 40 \u2013 2\u00e8me \u00e9dition\",\"datePublished\":\"2024-10-08T09:52:52+00:00\",\"dateModified\":\"2025-10-20T08:22:56+00:00\",\"mainEntityOfPage\":{\"@id\":\"https:\\\/\\\/actionnairespourleclimat.org\\\/index.php\\\/2024\\\/10\\\/08\\\/stress-test-climatique-du-cac-40-2eme-edition\\\/\"},\"wordCount\":82,\"commentCount\":0,\"publisher\":{\"@id\":\"https:\\\/\\\/actionnairespourleclimat.org\\\/#organization\"},\"image\":{\"@id\":\"https:\\\/\\\/actionnairespourleclimat.org\\\/index.php\\\/2024\\\/10\\\/08\\\/stress-test-climatique-du-cac-40-2eme-edition\\\/#primaryimage\"},\"thumbnailUrl\":\"https:\\\/\\\/actionnairespourleclimat.org\\\/wp-content\\\/uploads\\\/2024\\\/11\\\/5Image-stress-tests.jpg\",\"inLanguage\":\"fr-FR\",\"potentialAction\":[{\"@type\":\"CommentAction\",\"name\":\"Comment\",\"target\":[\"https:\\\/\\\/actionnairespourleclimat.org\\\/index.php\\\/2024\\\/10\\\/08\\\/stress-test-climatique-du-cac-40-2eme-edition\\\/#respond\"]}]},{\"@type\":\"WebPage\",\"@id\":\"https:\\\/\\\/actionnairespourleclimat.org\\\/index.php\\\/2024\\\/10\\\/08\\\/stress-test-climatique-du-cac-40-2eme-edition\\\/\",\"url\":\"https:\\\/\\\/actionnairespourleclimat.org\\\/index.php\\\/2024\\\/10\\\/08\\\/stress-test-climatique-du-cac-40-2eme-edition\\\/\",\"name\":\"Stress test climatique du CAC 40 \u2013 2\u00e8me \u00e9dition - Actionnaires pour le climat\",\"isPartOf\":{\"@id\":\"https:\\\/\\\/actionnairespourleclimat.org\\\/#website\"},\"primaryImageOfPage\":{\"@id\":\"https:\\\/\\\/actionnairespourleclimat.org\\\/index.php\\\/2024\\\/10\\\/08\\\/stress-test-climatique-du-cac-40-2eme-edition\\\/#primaryimage\"},\"image\":{\"@id\":\"https:\\\/\\\/actionnairespourleclimat.org\\\/index.php\\\/2024\\\/10\\\/08\\\/stress-test-climatique-du-cac-40-2eme-edition\\\/#primaryimage\"},\"thumbnailUrl\":\"https:\\\/\\\/actionnairespourleclimat.org\\\/wp-content\\\/uploads\\\/2024\\\/11\\\/5Image-stress-tests.jpg\",\"datePublished\":\"2024-10-08T09:52:52+00:00\",\"dateModified\":\"2025-10-20T08:22:56+00:00\",\"breadcrumb\":{\"@id\":\"https:\\\/\\\/actionnairespourleclimat.org\\\/index.php\\\/2024\\\/10\\\/08\\\/stress-test-climatique-du-cac-40-2eme-edition\\\/#breadcrumb\"},\"inLanguage\":\"fr-FR\",\"potentialAction\":[{\"@type\":\"ReadAction\",\"target\":[\"https:\\\/\\\/actionnairespourleclimat.org\\\/index.php\\\/2024\\\/10\\\/08\\\/stress-test-climatique-du-cac-40-2eme-edition\\\/\"]}]},{\"@type\":\"ImageObject\",\"inLanguage\":\"fr-FR\",\"@id\":\"https:\\\/\\\/actionnairespourleclimat.org\\\/index.php\\\/2024\\\/10\\\/08\\\/stress-test-climatique-du-cac-40-2eme-edition\\\/#primaryimage\",\"url\":\"https:\\\/\\\/actionnairespourleclimat.org\\\/wp-content\\\/uploads\\\/2024\\\/11\\\/5Image-stress-tests.jpg\",\"contentUrl\":\"https:\\\/\\\/actionnairespourleclimat.org\\\/wp-content\\\/uploads\\\/2024\\\/11\\\/5Image-stress-tests.jpg\",\"width\":1000,\"height\":500},{\"@type\":\"BreadcrumbList\",\"@id\":\"https:\\\/\\\/actionnairespourleclimat.org\\\/index.php\\\/2024\\\/10\\\/08\\\/stress-test-climatique-du-cac-40-2eme-edition\\\/#breadcrumb\",\"itemListElement\":[{\"@type\":\"ListItem\",\"position\":1,\"name\":\"Accueil\",\"item\":\"https:\\\/\\\/actionnairespourleclimat.org\\\/\"},{\"@type\":\"ListItem\",\"position\":2,\"name\":\"Stress test climatique du CAC 40 \u2013 2\u00e8me \u00e9dition\"}]},{\"@type\":\"WebSite\",\"@id\":\"https:\\\/\\\/actionnairespourleclimat.org\\\/#website\",\"url\":\"https:\\\/\\\/actionnairespourleclimat.org\\\/\",\"name\":\"Actionnaires pour le climat\",\"description\":\"L\u2019engagement actionnarial, un levier essentiel de la transition \u00e9cologique des entreprises\",\"publisher\":{\"@id\":\"https:\\\/\\\/actionnairespourleclimat.org\\\/#organization\"},\"potentialAction\":[{\"@type\":\"SearchAction\",\"target\":{\"@type\":\"EntryPoint\",\"urlTemplate\":\"https:\\\/\\\/actionnairespourleclimat.org\\\/?s={search_term_string}\"},\"query-input\":{\"@type\":\"PropertyValueSpecification\",\"valueRequired\":true,\"valueName\":\"search_term_string\"}}],\"inLanguage\":\"fr-FR\"},{\"@type\":\"Organization\",\"@id\":\"https:\\\/\\\/actionnairespourleclimat.org\\\/#organization\",\"name\":\"Actionnaires pour le climat\",\"url\":\"https:\\\/\\\/actionnairespourleclimat.org\\\/\",\"logo\":{\"@type\":\"ImageObject\",\"inLanguage\":\"fr-FR\",\"@id\":\"https:\\\/\\\/actionnairespourleclimat.org\\\/#\\\/schema\\\/logo\\\/image\\\/\",\"url\":\"https:\\\/\\\/actionnairespourleclimat.org\\\/wp-content\\\/uploads\\\/2023\\\/10\\\/Logo-APLC-V3.png\",\"contentUrl\":\"https:\\\/\\\/actionnairespourleclimat.org\\\/wp-content\\\/uploads\\\/2023\\\/10\\\/Logo-APLC-V3.png\",\"width\":1747,\"height\":776,\"caption\":\"Actionnaires pour le climat\"},\"image\":{\"@id\":\"https:\\\/\\\/actionnairespourleclimat.org\\\/#\\\/schema\\\/logo\\\/image\\\/\"}},{\"@type\":\"Person\",\"@id\":\"https:\\\/\\\/actionnairespourleclimat.org\\\/#\\\/schema\\\/person\\\/431f58277034f5d470c5b8f3dc9b4c6c\",\"name\":\"admin2861\",\"image\":{\"@type\":\"ImageObject\",\"inLanguage\":\"fr-FR\",\"@id\":\"https:\\\/\\\/secure.gravatar.com\\\/avatar\\\/ef3def7836c1e73bb53c55ecff2b0c16dd02d6df26c4f480746ea848f583b098?s=96&d=mm&r=g\",\"url\":\"https:\\\/\\\/secure.gravatar.com\\\/avatar\\\/ef3def7836c1e73bb53c55ecff2b0c16dd02d6df26c4f480746ea848f583b098?s=96&d=mm&r=g\",\"contentUrl\":\"https:\\\/\\\/secure.gravatar.com\\\/avatar\\\/ef3def7836c1e73bb53c55ecff2b0c16dd02d6df26c4f480746ea848f583b098?s=96&d=mm&r=g\",\"caption\":\"admin2861\"},\"sameAs\":[\"http:\\\/\\\/actionnairespourleclimat.org\"],\"url\":\"https:\\\/\\\/actionnairespourleclimat.org\\\/index.php\\\/author\\\/admin2861\\\/\"}]}<\/script>\n<!-- \/ Yoast SEO plugin. -->","yoast_head_json":{"title":"Stress test climatique du CAC 40 \u2013 2\u00e8me \u00e9dition - Actionnaires pour le climat","robots":{"index":"index","follow":"follow","max-snippet":"max-snippet:-1","max-image-preview":"max-image-preview:large","max-video-preview":"max-video-preview:-1"},"canonical":"https:\/\/actionnairespourleclimat.org\/index.php\/2024\/10\/08\/stress-test-climatique-du-cac-40-2eme-edition\/","og_locale":"fr_FR","og_type":"article","og_title":"Stress test climatique du CAC 40 \u2013 2\u00e8me \u00e9dition - Actionnaires pour le climat","og_description":"S\u2019appuyant sur les donn\u00e9es issues des Documents d\u2019Enregistrement Universel des soci\u00e9t\u00e9s, les pr\u00e9sents stress tests analysent la r\u00e9sistance des soci\u00e9t\u00e9s du CAC 40 \u00e0 la sensibilit\u00e9 des 4 variables suivantes : T\u00e9l\u00e9charger le rapport de stress tests climatiques 2\u00e8me \u00e9dition","og_url":"https:\/\/actionnairespourleclimat.org\/index.php\/2024\/10\/08\/stress-test-climatique-du-cac-40-2eme-edition\/","og_site_name":"Actionnaires pour le climat","article_published_time":"2024-10-08T09:52:52+00:00","article_modified_time":"2025-10-20T08:22:56+00:00","og_image":[{"width":1000,"height":500,"url":"https:\/\/actionnairespourleclimat.org\/wp-content\/uploads\/2024\/11\/5Image-stress-tests.jpg","type":"image\/jpeg"}],"author":"admin2861","twitter_card":"summary_large_image","twitter_misc":{"\u00c9crit par":"admin2861","Dur\u00e9e de lecture estim\u00e9e":"1 minute"},"schema":{"@context":"https:\/\/schema.org","@graph":[{"@type":"Article","@id":"https:\/\/actionnairespourleclimat.org\/index.php\/2024\/10\/08\/stress-test-climatique-du-cac-40-2eme-edition\/#article","isPartOf":{"@id":"https:\/\/actionnairespourleclimat.org\/index.php\/2024\/10\/08\/stress-test-climatique-du-cac-40-2eme-edition\/"},"author":{"name":"admin2861","@id":"https:\/\/actionnairespourleclimat.org\/#\/schema\/person\/431f58277034f5d470c5b8f3dc9b4c6c"},"headline":"Stress test climatique du CAC 40 \u2013 2\u00e8me \u00e9dition","datePublished":"2024-10-08T09:52:52+00:00","dateModified":"2025-10-20T08:22:56+00:00","mainEntityOfPage":{"@id":"https:\/\/actionnairespourleclimat.org\/index.php\/2024\/10\/08\/stress-test-climatique-du-cac-40-2eme-edition\/"},"wordCount":82,"commentCount":0,"publisher":{"@id":"https:\/\/actionnairespourleclimat.org\/#organization"},"image":{"@id":"https:\/\/actionnairespourleclimat.org\/index.php\/2024\/10\/08\/stress-test-climatique-du-cac-40-2eme-edition\/#primaryimage"},"thumbnailUrl":"https:\/\/actionnairespourleclimat.org\/wp-content\/uploads\/2024\/11\/5Image-stress-tests.jpg","inLanguage":"fr-FR","potentialAction":[{"@type":"CommentAction","name":"Comment","target":["https:\/\/actionnairespourleclimat.org\/index.php\/2024\/10\/08\/stress-test-climatique-du-cac-40-2eme-edition\/#respond"]}]},{"@type":"WebPage","@id":"https:\/\/actionnairespourleclimat.org\/index.php\/2024\/10\/08\/stress-test-climatique-du-cac-40-2eme-edition\/","url":"https:\/\/actionnairespourleclimat.org\/index.php\/2024\/10\/08\/stress-test-climatique-du-cac-40-2eme-edition\/","name":"Stress test climatique du CAC 40 \u2013 2\u00e8me \u00e9dition - Actionnaires pour le climat","isPartOf":{"@id":"https:\/\/actionnairespourleclimat.org\/#website"},"primaryImageOfPage":{"@id":"https:\/\/actionnairespourleclimat.org\/index.php\/2024\/10\/08\/stress-test-climatique-du-cac-40-2eme-edition\/#primaryimage"},"image":{"@id":"https:\/\/actionnairespourleclimat.org\/index.php\/2024\/10\/08\/stress-test-climatique-du-cac-40-2eme-edition\/#primaryimage"},"thumbnailUrl":"https:\/\/actionnairespourleclimat.org\/wp-content\/uploads\/2024\/11\/5Image-stress-tests.jpg","datePublished":"2024-10-08T09:52:52+00:00","dateModified":"2025-10-20T08:22:56+00:00","breadcrumb":{"@id":"https:\/\/actionnairespourleclimat.org\/index.php\/2024\/10\/08\/stress-test-climatique-du-cac-40-2eme-edition\/#breadcrumb"},"inLanguage":"fr-FR","potentialAction":[{"@type":"ReadAction","target":["https:\/\/actionnairespourleclimat.org\/index.php\/2024\/10\/08\/stress-test-climatique-du-cac-40-2eme-edition\/"]}]},{"@type":"ImageObject","inLanguage":"fr-FR","@id":"https:\/\/actionnairespourleclimat.org\/index.php\/2024\/10\/08\/stress-test-climatique-du-cac-40-2eme-edition\/#primaryimage","url":"https:\/\/actionnairespourleclimat.org\/wp-content\/uploads\/2024\/11\/5Image-stress-tests.jpg","contentUrl":"https:\/\/actionnairespourleclimat.org\/wp-content\/uploads\/2024\/11\/5Image-stress-tests.jpg","width":1000,"height":500},{"@type":"BreadcrumbList","@id":"https:\/\/actionnairespourleclimat.org\/index.php\/2024\/10\/08\/stress-test-climatique-du-cac-40-2eme-edition\/#breadcrumb","itemListElement":[{"@type":"ListItem","position":1,"name":"Accueil","item":"https:\/\/actionnairespourleclimat.org\/"},{"@type":"ListItem","position":2,"name":"Stress test climatique du CAC 40 \u2013 2\u00e8me \u00e9dition"}]},{"@type":"WebSite","@id":"https:\/\/actionnairespourleclimat.org\/#website","url":"https:\/\/actionnairespourleclimat.org\/","name":"Actionnaires pour le climat","description":"L\u2019engagement actionnarial, un levier essentiel de la transition \u00e9cologique des entreprises","publisher":{"@id":"https:\/\/actionnairespourleclimat.org\/#organization"},"potentialAction":[{"@type":"SearchAction","target":{"@type":"EntryPoint","urlTemplate":"https:\/\/actionnairespourleclimat.org\/?s={search_term_string}"},"query-input":{"@type":"PropertyValueSpecification","valueRequired":true,"valueName":"search_term_string"}}],"inLanguage":"fr-FR"},{"@type":"Organization","@id":"https:\/\/actionnairespourleclimat.org\/#organization","name":"Actionnaires pour le climat","url":"https:\/\/actionnairespourleclimat.org\/","logo":{"@type":"ImageObject","inLanguage":"fr-FR","@id":"https:\/\/actionnairespourleclimat.org\/#\/schema\/logo\/image\/","url":"https:\/\/actionnairespourleclimat.org\/wp-content\/uploads\/2023\/10\/Logo-APLC-V3.png","contentUrl":"https:\/\/actionnairespourleclimat.org\/wp-content\/uploads\/2023\/10\/Logo-APLC-V3.png","width":1747,"height":776,"caption":"Actionnaires pour le climat"},"image":{"@id":"https:\/\/actionnairespourleclimat.org\/#\/schema\/logo\/image\/"}},{"@type":"Person","@id":"https:\/\/actionnairespourleclimat.org\/#\/schema\/person\/431f58277034f5d470c5b8f3dc9b4c6c","name":"admin2861","image":{"@type":"ImageObject","inLanguage":"fr-FR","@id":"https:\/\/secure.gravatar.com\/avatar\/ef3def7836c1e73bb53c55ecff2b0c16dd02d6df26c4f480746ea848f583b098?s=96&d=mm&r=g","url":"https:\/\/secure.gravatar.com\/avatar\/ef3def7836c1e73bb53c55ecff2b0c16dd02d6df26c4f480746ea848f583b098?s=96&d=mm&r=g","contentUrl":"https:\/\/secure.gravatar.com\/avatar\/ef3def7836c1e73bb53c55ecff2b0c16dd02d6df26c4f480746ea848f583b098?s=96&d=mm&r=g","caption":"admin2861"},"sameAs":["http:\/\/actionnairespourleclimat.org"],"url":"https:\/\/actionnairespourleclimat.org\/index.php\/author\/admin2861\/"}]}},"_links":{"self":[{"href":"https:\/\/actionnairespourleclimat.org\/index.php\/wp-json\/wp\/v2\/posts\/1828","targetHints":{"allow":["GET"]}}],"collection":[{"href":"https:\/\/actionnairespourleclimat.org\/index.php\/wp-json\/wp\/v2\/posts"}],"about":[{"href":"https:\/\/actionnairespourleclimat.org\/index.php\/wp-json\/wp\/v2\/types\/post"}],"author":[{"embeddable":true,"href":"https:\/\/actionnairespourleclimat.org\/index.php\/wp-json\/wp\/v2\/users\/1"}],"replies":[{"embeddable":true,"href":"https:\/\/actionnairespourleclimat.org\/index.php\/wp-json\/wp\/v2\/comments?post=1828"}],"version-history":[{"count":10,"href":"https:\/\/actionnairespourleclimat.org\/index.php\/wp-json\/wp\/v2\/posts\/1828\/revisions"}],"predecessor-version":[{"id":1838,"href":"https:\/\/actionnairespourleclimat.org\/index.php\/wp-json\/wp\/v2\/posts\/1828\/revisions\/1838"}],"wp:featuredmedia":[{"embeddable":true,"href":"https:\/\/actionnairespourleclimat.org\/index.php\/wp-json\/wp\/v2\/media\/1813"}],"wp:attachment":[{"href":"https:\/\/actionnairespourleclimat.org\/index.php\/wp-json\/wp\/v2\/media?parent=1828"}],"wp:term":[{"taxonomy":"category","embeddable":true,"href":"https:\/\/actionnairespourleclimat.org\/index.php\/wp-json\/wp\/v2\/categories?post=1828"},{"taxonomy":"post_tag","embeddable":true,"href":"https:\/\/actionnairespourleclimat.org\/index.php\/wp-json\/wp\/v2\/tags?post=1828"}],"curies":[{"name":"wp","href":"https:\/\/api.w.org\/{rel}","templated":true}]}}