{"id":1776,"date":"2023-11-27T11:08:00","date_gmt":"2023-11-27T10:08:00","guid":{"rendered":"https:\/\/actionnairespourleclimat.org\/?p=1776"},"modified":"2024-11-27T11:18:26","modified_gmt":"2024-11-27T10:18:26","slug":"dividendes-fictifs-les-directions-financieres-et-les-commissaires-aux-comptes-en-premiere-ligne","status":"publish","type":"post","link":"https:\/\/actionnairespourleclimat.org\/index.php\/2023\/11\/27\/dividendes-fictifs-les-directions-financieres-et-les-commissaires-aux-comptes-en-premiere-ligne\/","title":{"rendered":"Dividendes fictifs\u00a0: les directions financi\u00e8res et les commissaires aux comptes en premi\u00e8re ligne"},"content":{"rendered":"\t\t<div data-elementor-type=\"wp-post\" data-elementor-id=\"1776\" class=\"elementor elementor-1776\" data-elementor-post-type=\"post\">\n\t\t\t\t<div class=\"elementor-element elementor-element-2b659de9 e-flex e-con-boxed e-con e-parent\" data-id=\"2b659de9\" data-element_type=\"container\" data-e-type=\"container\">\n\t\t\t\t\t<div class=\"e-con-inner\">\n\t\t\t\t<div class=\"elementor-element elementor-element-1609ee5b elementor-widget elementor-widget-text-editor\" data-id=\"1609ee5b\" data-element_type=\"widget\" data-e-type=\"widget\" data-widget_type=\"text-editor.default\">\n\t\t\t\t<div class=\"elementor-widget-container\">\n\t\t\t\t\t\t\t\t\t\n<p>La conscientisation des directions financi\u00e8res et des commissaires aux comptes \u00e0 la n\u00e9cessaire int\u00e9gration des enjeux climatiques dans les comptes des entreprises est une \u00e9tape indispensable pour pr\u00e9server non seulement l\u2019habitabilit\u00e9 de la plan\u00e8te, mais aussi l\u2019int\u00e9r\u00eat des actionnaires et des tiers. Il en va de la continuit\u00e9 d\u2019exploitation des entreprises<\/p>\n\n<p><strong>Article d\u2019Actionnaires pour le climat dans Alternatives Economiques\u00a0:<\/strong><\/p>\n\t\t\t\t\t\t\t\t<\/div>\n\t\t\t\t<\/div>\n\t\t\t\t<div class=\"elementor-element elementor-element-42e689d elementor-align-center elementor-widget elementor-widget-button\" data-id=\"42e689d\" data-element_type=\"widget\" data-e-type=\"widget\" data-widget_type=\"button.default\">\n\t\t\t\t<div class=\"elementor-widget-container\">\n\t\t\t\t\t\t\t\t\t<div class=\"elementor-button-wrapper\">\n\t\t\t\t\t<a class=\"elementor-button elementor-button-link elementor-size-sm\" href=\"https:\/\/blogs.alternatives-economiques.fr\/alterco\/2023\/11\/20\/dividendes-fictifs-les-directions-financieres-et-les-commissaires-aux-comptes-en-premiere-ligne\" target=\"_blank\">\n\t\t\t\t\t\t<span class=\"elementor-button-content-wrapper\">\n\t\t\t\t\t\t\t\t\t<span class=\"elementor-button-text\">Lire l'article<\/span>\n\t\t\t\t\t<\/span>\n\t\t\t\t\t<\/a>\n\t\t\t\t<\/div>\n\t\t\t\t\t\t\t\t<\/div>\n\t\t\t\t<\/div>\n\t\t\t\t\t<\/div>\n\t\t\t\t<\/div>\n\t\t\t\t<\/div>\n\t\t","protected":false},"excerpt":{"rendered":"<p>La conscientisation des directions financi\u00e8res et des commissaires aux comptes \u00e0 la n\u00e9cessaire int\u00e9gration des enjeux climatiques dans les comptes des entreprises est une \u00e9tape indispensable pour pr\u00e9server non seulement l\u2019habitabilit\u00e9 de la plan\u00e8te, mais aussi l\u2019int\u00e9r\u00eat des actionnaires et des tiers. Il en va de la continuit\u00e9 d\u2019exploitation des entreprises Article d\u2019Actionnaires pour le [&hellip;]<\/p>\n","protected":false},"author":1,"featured_media":1777,"comment_status":"open","ping_status":"open","sticky":false,"template":"","format":"standard","meta":{"footnotes":""},"categories":[1],"tags":[],"class_list":["post-1776","post","type-post","status-publish","format-standard","has-post-thumbnail","hentry","category-non-classe"],"yoast_head":"<!-- This site is optimized with the Yoast SEO plugin v27.4 - https:\/\/yoast.com\/product\/yoast-seo-wordpress\/ -->\n<title>Dividendes fictifs\u00a0: les directions financi\u00e8res et les commissaires aux comptes en premi\u00e8re ligne - Actionnaires pour le climat<\/title>\n<meta name=\"robots\" content=\"index, follow, max-snippet:-1, max-image-preview:large, max-video-preview:-1\" \/>\n<link rel=\"canonical\" href=\"https:\/\/actionnairespourleclimat.org\/index.php\/2023\/11\/27\/dividendes-fictifs-les-directions-financieres-et-les-commissaires-aux-comptes-en-premiere-ligne\/\" \/>\n<meta property=\"og:locale\" content=\"fr_FR\" \/>\n<meta property=\"og:type\" content=\"article\" \/>\n<meta property=\"og:title\" content=\"Dividendes fictifs\u00a0: les directions financi\u00e8res et les commissaires aux comptes en premi\u00e8re ligne - Actionnaires pour le climat\" \/>\n<meta property=\"og:description\" content=\"La conscientisation des directions financi\u00e8res et des commissaires aux comptes \u00e0 la n\u00e9cessaire int\u00e9gration des enjeux climatiques dans les comptes des entreprises est une \u00e9tape indispensable pour pr\u00e9server non seulement l\u2019habitabilit\u00e9 de la plan\u00e8te, mais aussi l\u2019int\u00e9r\u00eat des actionnaires et des tiers. Il en va de la continuit\u00e9 d\u2019exploitation des entreprises Article d\u2019Actionnaires pour le [&hellip;]\" \/>\n<meta property=\"og:url\" content=\"https:\/\/actionnairespourleclimat.org\/index.php\/2023\/11\/27\/dividendes-fictifs-les-directions-financieres-et-les-commissaires-aux-comptes-en-premiere-ligne\/\" \/>\n<meta property=\"og:site_name\" content=\"Actionnaires pour le climat\" \/>\n<meta property=\"article:published_time\" content=\"2023-11-27T10:08:00+00:00\" \/>\n<meta property=\"article:modified_time\" content=\"2024-11-27T10:18:26+00:00\" \/>\n<meta property=\"og:image\" content=\"https:\/\/actionnairespourleclimat.org\/wp-content\/uploads\/2024\/11\/1Image-dividendes-fictifs-directions-financiSres.jpg\" \/>\n\t<meta property=\"og:image:width\" content=\"580\" \/>\n\t<meta property=\"og:image:height\" content=\"323\" \/>\n\t<meta property=\"og:image:type\" content=\"image\/jpeg\" \/>\n<meta name=\"author\" content=\"admin2861\" \/>\n<meta name=\"twitter:card\" content=\"summary_large_image\" \/>\n<meta name=\"twitter:label1\" content=\"\u00c9crit par\" \/>\n\t<meta name=\"twitter:data1\" content=\"admin2861\" \/>\n\t<meta name=\"twitter:label2\" content=\"Dur\u00e9e de lecture estim\u00e9e\" \/>\n\t<meta name=\"twitter:data2\" content=\"1 minute\" \/>\n<script type=\"application\/ld+json\" class=\"yoast-schema-graph\">{\"@context\":\"https:\\\/\\\/schema.org\",\"@graph\":[{\"@type\":\"Article\",\"@id\":\"https:\\\/\\\/actionnairespourleclimat.org\\\/index.php\\\/2023\\\/11\\\/27\\\/dividendes-fictifs-les-directions-financieres-et-les-commissaires-aux-comptes-en-premiere-ligne\\\/#article\",\"isPartOf\":{\"@id\":\"https:\\\/\\\/actionnairespourleclimat.org\\\/index.php\\\/2023\\\/11\\\/27\\\/dividendes-fictifs-les-directions-financieres-et-les-commissaires-aux-comptes-en-premiere-ligne\\\/\"},\"author\":{\"name\":\"admin2861\",\"@id\":\"https:\\\/\\\/actionnairespourleclimat.org\\\/#\\\/schema\\\/person\\\/431f58277034f5d470c5b8f3dc9b4c6c\"},\"headline\":\"Dividendes fictifs\u00a0: les directions financi\u00e8res et les commissaires aux comptes en premi\u00e8re ligne\",\"datePublished\":\"2023-11-27T10:08:00+00:00\",\"dateModified\":\"2024-11-27T10:18:26+00:00\",\"mainEntityOfPage\":{\"@id\":\"https:\\\/\\\/actionnairespourleclimat.org\\\/index.php\\\/2023\\\/11\\\/27\\\/dividendes-fictifs-les-directions-financieres-et-les-commissaires-aux-comptes-en-premiere-ligne\\\/\"},\"wordCount\":87,\"commentCount\":0,\"publisher\":{\"@id\":\"https:\\\/\\\/actionnairespourleclimat.org\\\/#organization\"},\"image\":{\"@id\":\"https:\\\/\\\/actionnairespourleclimat.org\\\/index.php\\\/2023\\\/11\\\/27\\\/dividendes-fictifs-les-directions-financieres-et-les-commissaires-aux-comptes-en-premiere-ligne\\\/#primaryimage\"},\"thumbnailUrl\":\"https:\\\/\\\/actionnairespourleclimat.org\\\/wp-content\\\/uploads\\\/2024\\\/11\\\/1Image-dividendes-fictifs-directions-financiSres.jpg\",\"inLanguage\":\"fr-FR\",\"potentialAction\":[{\"@type\":\"CommentAction\",\"name\":\"Comment\",\"target\":[\"https:\\\/\\\/actionnairespourleclimat.org\\\/index.php\\\/2023\\\/11\\\/27\\\/dividendes-fictifs-les-directions-financieres-et-les-commissaires-aux-comptes-en-premiere-ligne\\\/#respond\"]}]},{\"@type\":\"WebPage\",\"@id\":\"https:\\\/\\\/actionnairespourleclimat.org\\\/index.php\\\/2023\\\/11\\\/27\\\/dividendes-fictifs-les-directions-financieres-et-les-commissaires-aux-comptes-en-premiere-ligne\\\/\",\"url\":\"https:\\\/\\\/actionnairespourleclimat.org\\\/index.php\\\/2023\\\/11\\\/27\\\/dividendes-fictifs-les-directions-financieres-et-les-commissaires-aux-comptes-en-premiere-ligne\\\/\",\"name\":\"Dividendes fictifs\u00a0: les directions financi\u00e8res et les commissaires aux comptes en premi\u00e8re ligne - Actionnaires pour le climat\",\"isPartOf\":{\"@id\":\"https:\\\/\\\/actionnairespourleclimat.org\\\/#website\"},\"primaryImageOfPage\":{\"@id\":\"https:\\\/\\\/actionnairespourleclimat.org\\\/index.php\\\/2023\\\/11\\\/27\\\/dividendes-fictifs-les-directions-financieres-et-les-commissaires-aux-comptes-en-premiere-ligne\\\/#primaryimage\"},\"image\":{\"@id\":\"https:\\\/\\\/actionnairespourleclimat.org\\\/index.php\\\/2023\\\/11\\\/27\\\/dividendes-fictifs-les-directions-financieres-et-les-commissaires-aux-comptes-en-premiere-ligne\\\/#primaryimage\"},\"thumbnailUrl\":\"https:\\\/\\\/actionnairespourleclimat.org\\\/wp-content\\\/uploads\\\/2024\\\/11\\\/1Image-dividendes-fictifs-directions-financiSres.jpg\",\"datePublished\":\"2023-11-27T10:08:00+00:00\",\"dateModified\":\"2024-11-27T10:18:26+00:00\",\"breadcrumb\":{\"@id\":\"https:\\\/\\\/actionnairespourleclimat.org\\\/index.php\\\/2023\\\/11\\\/27\\\/dividendes-fictifs-les-directions-financieres-et-les-commissaires-aux-comptes-en-premiere-ligne\\\/#breadcrumb\"},\"inLanguage\":\"fr-FR\",\"potentialAction\":[{\"@type\":\"ReadAction\",\"target\":[\"https:\\\/\\\/actionnairespourleclimat.org\\\/index.php\\\/2023\\\/11\\\/27\\\/dividendes-fictifs-les-directions-financieres-et-les-commissaires-aux-comptes-en-premiere-ligne\\\/\"]}]},{\"@type\":\"ImageObject\",\"inLanguage\":\"fr-FR\",\"@id\":\"https:\\\/\\\/actionnairespourleclimat.org\\\/index.php\\\/2023\\\/11\\\/27\\\/dividendes-fictifs-les-directions-financieres-et-les-commissaires-aux-comptes-en-premiere-ligne\\\/#primaryimage\",\"url\":\"https:\\\/\\\/actionnairespourleclimat.org\\\/wp-content\\\/uploads\\\/2024\\\/11\\\/1Image-dividendes-fictifs-directions-financiSres.jpg\",\"contentUrl\":\"https:\\\/\\\/actionnairespourleclimat.org\\\/wp-content\\\/uploads\\\/2024\\\/11\\\/1Image-dividendes-fictifs-directions-financiSres.jpg\",\"width\":580,\"height\":323},{\"@type\":\"BreadcrumbList\",\"@id\":\"https:\\\/\\\/actionnairespourleclimat.org\\\/index.php\\\/2023\\\/11\\\/27\\\/dividendes-fictifs-les-directions-financieres-et-les-commissaires-aux-comptes-en-premiere-ligne\\\/#breadcrumb\",\"itemListElement\":[{\"@type\":\"ListItem\",\"position\":1,\"name\":\"Accueil\",\"item\":\"https:\\\/\\\/actionnairespourleclimat.org\\\/\"},{\"@type\":\"ListItem\",\"position\":2,\"name\":\"Dividendes fictifs\u00a0: les directions financi\u00e8res et les commissaires aux comptes en premi\u00e8re ligne\"}]},{\"@type\":\"WebSite\",\"@id\":\"https:\\\/\\\/actionnairespourleclimat.org\\\/#website\",\"url\":\"https:\\\/\\\/actionnairespourleclimat.org\\\/\",\"name\":\"Actionnaires pour le climat\",\"description\":\"L\u2019engagement actionnarial, un levier essentiel de la transition \u00e9cologique des entreprises\",\"publisher\":{\"@id\":\"https:\\\/\\\/actionnairespourleclimat.org\\\/#organization\"},\"potentialAction\":[{\"@type\":\"SearchAction\",\"target\":{\"@type\":\"EntryPoint\",\"urlTemplate\":\"https:\\\/\\\/actionnairespourleclimat.org\\\/?s={search_term_string}\"},\"query-input\":{\"@type\":\"PropertyValueSpecification\",\"valueRequired\":true,\"valueName\":\"search_term_string\"}}],\"inLanguage\":\"fr-FR\"},{\"@type\":\"Organization\",\"@id\":\"https:\\\/\\\/actionnairespourleclimat.org\\\/#organization\",\"name\":\"Actionnaires pour le climat\",\"url\":\"https:\\\/\\\/actionnairespourleclimat.org\\\/\",\"logo\":{\"@type\":\"ImageObject\",\"inLanguage\":\"fr-FR\",\"@id\":\"https:\\\/\\\/actionnairespourleclimat.org\\\/#\\\/schema\\\/logo\\\/image\\\/\",\"url\":\"https:\\\/\\\/actionnairespourleclimat.org\\\/wp-content\\\/uploads\\\/2023\\\/10\\\/Logo-APLC-V3.png\",\"contentUrl\":\"https:\\\/\\\/actionnairespourleclimat.org\\\/wp-content\\\/uploads\\\/2023\\\/10\\\/Logo-APLC-V3.png\",\"width\":1747,\"height\":776,\"caption\":\"Actionnaires pour le climat\"},\"image\":{\"@id\":\"https:\\\/\\\/actionnairespourleclimat.org\\\/#\\\/schema\\\/logo\\\/image\\\/\"}},{\"@type\":\"Person\",\"@id\":\"https:\\\/\\\/actionnairespourleclimat.org\\\/#\\\/schema\\\/person\\\/431f58277034f5d470c5b8f3dc9b4c6c\",\"name\":\"admin2861\",\"image\":{\"@type\":\"ImageObject\",\"inLanguage\":\"fr-FR\",\"@id\":\"https:\\\/\\\/secure.gravatar.com\\\/avatar\\\/ef3def7836c1e73bb53c55ecff2b0c16dd02d6df26c4f480746ea848f583b098?s=96&d=mm&r=g\",\"url\":\"https:\\\/\\\/secure.gravatar.com\\\/avatar\\\/ef3def7836c1e73bb53c55ecff2b0c16dd02d6df26c4f480746ea848f583b098?s=96&d=mm&r=g\",\"contentUrl\":\"https:\\\/\\\/secure.gravatar.com\\\/avatar\\\/ef3def7836c1e73bb53c55ecff2b0c16dd02d6df26c4f480746ea848f583b098?s=96&d=mm&r=g\",\"caption\":\"admin2861\"},\"sameAs\":[\"http:\\\/\\\/actionnairespourleclimat.org\"],\"url\":\"https:\\\/\\\/actionnairespourleclimat.org\\\/index.php\\\/author\\\/admin2861\\\/\"}]}<\/script>\n<!-- \/ Yoast SEO plugin. -->","yoast_head_json":{"title":"Dividendes fictifs\u00a0: les directions financi\u00e8res et les commissaires aux comptes en premi\u00e8re ligne - Actionnaires pour le climat","robots":{"index":"index","follow":"follow","max-snippet":"max-snippet:-1","max-image-preview":"max-image-preview:large","max-video-preview":"max-video-preview:-1"},"canonical":"https:\/\/actionnairespourleclimat.org\/index.php\/2023\/11\/27\/dividendes-fictifs-les-directions-financieres-et-les-commissaires-aux-comptes-en-premiere-ligne\/","og_locale":"fr_FR","og_type":"article","og_title":"Dividendes fictifs\u00a0: les directions financi\u00e8res et les commissaires aux comptes en premi\u00e8re ligne - Actionnaires pour le climat","og_description":"La conscientisation des directions financi\u00e8res et des commissaires aux comptes \u00e0 la n\u00e9cessaire int\u00e9gration des enjeux climatiques dans les comptes des entreprises est une \u00e9tape indispensable pour pr\u00e9server non seulement l\u2019habitabilit\u00e9 de la plan\u00e8te, mais aussi l\u2019int\u00e9r\u00eat des actionnaires et des tiers. Il en va de la continuit\u00e9 d\u2019exploitation des entreprises Article d\u2019Actionnaires pour le [&hellip;]","og_url":"https:\/\/actionnairespourleclimat.org\/index.php\/2023\/11\/27\/dividendes-fictifs-les-directions-financieres-et-les-commissaires-aux-comptes-en-premiere-ligne\/","og_site_name":"Actionnaires pour le climat","article_published_time":"2023-11-27T10:08:00+00:00","article_modified_time":"2024-11-27T10:18:26+00:00","og_image":[{"width":580,"height":323,"url":"https:\/\/actionnairespourleclimat.org\/wp-content\/uploads\/2024\/11\/1Image-dividendes-fictifs-directions-financiSres.jpg","type":"image\/jpeg"}],"author":"admin2861","twitter_card":"summary_large_image","twitter_misc":{"\u00c9crit par":"admin2861","Dur\u00e9e de lecture estim\u00e9e":"1 minute"},"schema":{"@context":"https:\/\/schema.org","@graph":[{"@type":"Article","@id":"https:\/\/actionnairespourleclimat.org\/index.php\/2023\/11\/27\/dividendes-fictifs-les-directions-financieres-et-les-commissaires-aux-comptes-en-premiere-ligne\/#article","isPartOf":{"@id":"https:\/\/actionnairespourleclimat.org\/index.php\/2023\/11\/27\/dividendes-fictifs-les-directions-financieres-et-les-commissaires-aux-comptes-en-premiere-ligne\/"},"author":{"name":"admin2861","@id":"https:\/\/actionnairespourleclimat.org\/#\/schema\/person\/431f58277034f5d470c5b8f3dc9b4c6c"},"headline":"Dividendes fictifs\u00a0: les directions financi\u00e8res et les commissaires aux comptes en premi\u00e8re ligne","datePublished":"2023-11-27T10:08:00+00:00","dateModified":"2024-11-27T10:18:26+00:00","mainEntityOfPage":{"@id":"https:\/\/actionnairespourleclimat.org\/index.php\/2023\/11\/27\/dividendes-fictifs-les-directions-financieres-et-les-commissaires-aux-comptes-en-premiere-ligne\/"},"wordCount":87,"commentCount":0,"publisher":{"@id":"https:\/\/actionnairespourleclimat.org\/#organization"},"image":{"@id":"https:\/\/actionnairespourleclimat.org\/index.php\/2023\/11\/27\/dividendes-fictifs-les-directions-financieres-et-les-commissaires-aux-comptes-en-premiere-ligne\/#primaryimage"},"thumbnailUrl":"https:\/\/actionnairespourleclimat.org\/wp-content\/uploads\/2024\/11\/1Image-dividendes-fictifs-directions-financiSres.jpg","inLanguage":"fr-FR","potentialAction":[{"@type":"CommentAction","name":"Comment","target":["https:\/\/actionnairespourleclimat.org\/index.php\/2023\/11\/27\/dividendes-fictifs-les-directions-financieres-et-les-commissaires-aux-comptes-en-premiere-ligne\/#respond"]}]},{"@type":"WebPage","@id":"https:\/\/actionnairespourleclimat.org\/index.php\/2023\/11\/27\/dividendes-fictifs-les-directions-financieres-et-les-commissaires-aux-comptes-en-premiere-ligne\/","url":"https:\/\/actionnairespourleclimat.org\/index.php\/2023\/11\/27\/dividendes-fictifs-les-directions-financieres-et-les-commissaires-aux-comptes-en-premiere-ligne\/","name":"Dividendes fictifs\u00a0: les directions financi\u00e8res et les commissaires aux comptes en premi\u00e8re ligne - Actionnaires pour le climat","isPartOf":{"@id":"https:\/\/actionnairespourleclimat.org\/#website"},"primaryImageOfPage":{"@id":"https:\/\/actionnairespourleclimat.org\/index.php\/2023\/11\/27\/dividendes-fictifs-les-directions-financieres-et-les-commissaires-aux-comptes-en-premiere-ligne\/#primaryimage"},"image":{"@id":"https:\/\/actionnairespourleclimat.org\/index.php\/2023\/11\/27\/dividendes-fictifs-les-directions-financieres-et-les-commissaires-aux-comptes-en-premiere-ligne\/#primaryimage"},"thumbnailUrl":"https:\/\/actionnairespourleclimat.org\/wp-content\/uploads\/2024\/11\/1Image-dividendes-fictifs-directions-financiSres.jpg","datePublished":"2023-11-27T10:08:00+00:00","dateModified":"2024-11-27T10:18:26+00:00","breadcrumb":{"@id":"https:\/\/actionnairespourleclimat.org\/index.php\/2023\/11\/27\/dividendes-fictifs-les-directions-financieres-et-les-commissaires-aux-comptes-en-premiere-ligne\/#breadcrumb"},"inLanguage":"fr-FR","potentialAction":[{"@type":"ReadAction","target":["https:\/\/actionnairespourleclimat.org\/index.php\/2023\/11\/27\/dividendes-fictifs-les-directions-financieres-et-les-commissaires-aux-comptes-en-premiere-ligne\/"]}]},{"@type":"ImageObject","inLanguage":"fr-FR","@id":"https:\/\/actionnairespourleclimat.org\/index.php\/2023\/11\/27\/dividendes-fictifs-les-directions-financieres-et-les-commissaires-aux-comptes-en-premiere-ligne\/#primaryimage","url":"https:\/\/actionnairespourleclimat.org\/wp-content\/uploads\/2024\/11\/1Image-dividendes-fictifs-directions-financiSres.jpg","contentUrl":"https:\/\/actionnairespourleclimat.org\/wp-content\/uploads\/2024\/11\/1Image-dividendes-fictifs-directions-financiSres.jpg","width":580,"height":323},{"@type":"BreadcrumbList","@id":"https:\/\/actionnairespourleclimat.org\/index.php\/2023\/11\/27\/dividendes-fictifs-les-directions-financieres-et-les-commissaires-aux-comptes-en-premiere-ligne\/#breadcrumb","itemListElement":[{"@type":"ListItem","position":1,"name":"Accueil","item":"https:\/\/actionnairespourleclimat.org\/"},{"@type":"ListItem","position":2,"name":"Dividendes fictifs\u00a0: les directions financi\u00e8res et les commissaires aux comptes en premi\u00e8re ligne"}]},{"@type":"WebSite","@id":"https:\/\/actionnairespourleclimat.org\/#website","url":"https:\/\/actionnairespourleclimat.org\/","name":"Actionnaires pour le climat","description":"L\u2019engagement actionnarial, un levier essentiel de la transition \u00e9cologique des entreprises","publisher":{"@id":"https:\/\/actionnairespourleclimat.org\/#organization"},"potentialAction":[{"@type":"SearchAction","target":{"@type":"EntryPoint","urlTemplate":"https:\/\/actionnairespourleclimat.org\/?s={search_term_string}"},"query-input":{"@type":"PropertyValueSpecification","valueRequired":true,"valueName":"search_term_string"}}],"inLanguage":"fr-FR"},{"@type":"Organization","@id":"https:\/\/actionnairespourleclimat.org\/#organization","name":"Actionnaires pour le climat","url":"https:\/\/actionnairespourleclimat.org\/","logo":{"@type":"ImageObject","inLanguage":"fr-FR","@id":"https:\/\/actionnairespourleclimat.org\/#\/schema\/logo\/image\/","url":"https:\/\/actionnairespourleclimat.org\/wp-content\/uploads\/2023\/10\/Logo-APLC-V3.png","contentUrl":"https:\/\/actionnairespourleclimat.org\/wp-content\/uploads\/2023\/10\/Logo-APLC-V3.png","width":1747,"height":776,"caption":"Actionnaires pour le climat"},"image":{"@id":"https:\/\/actionnairespourleclimat.org\/#\/schema\/logo\/image\/"}},{"@type":"Person","@id":"https:\/\/actionnairespourleclimat.org\/#\/schema\/person\/431f58277034f5d470c5b8f3dc9b4c6c","name":"admin2861","image":{"@type":"ImageObject","inLanguage":"fr-FR","@id":"https:\/\/secure.gravatar.com\/avatar\/ef3def7836c1e73bb53c55ecff2b0c16dd02d6df26c4f480746ea848f583b098?s=96&d=mm&r=g","url":"https:\/\/secure.gravatar.com\/avatar\/ef3def7836c1e73bb53c55ecff2b0c16dd02d6df26c4f480746ea848f583b098?s=96&d=mm&r=g","contentUrl":"https:\/\/secure.gravatar.com\/avatar\/ef3def7836c1e73bb53c55ecff2b0c16dd02d6df26c4f480746ea848f583b098?s=96&d=mm&r=g","caption":"admin2861"},"sameAs":["http:\/\/actionnairespourleclimat.org"],"url":"https:\/\/actionnairespourleclimat.org\/index.php\/author\/admin2861\/"}]}},"_links":{"self":[{"href":"https:\/\/actionnairespourleclimat.org\/index.php\/wp-json\/wp\/v2\/posts\/1776","targetHints":{"allow":["GET"]}}],"collection":[{"href":"https:\/\/actionnairespourleclimat.org\/index.php\/wp-json\/wp\/v2\/posts"}],"about":[{"href":"https:\/\/actionnairespourleclimat.org\/index.php\/wp-json\/wp\/v2\/types\/post"}],"author":[{"embeddable":true,"href":"https:\/\/actionnairespourleclimat.org\/index.php\/wp-json\/wp\/v2\/users\/1"}],"replies":[{"embeddable":true,"href":"https:\/\/actionnairespourleclimat.org\/index.php\/wp-json\/wp\/v2\/comments?post=1776"}],"version-history":[{"count":4,"href":"https:\/\/actionnairespourleclimat.org\/index.php\/wp-json\/wp\/v2\/posts\/1776\/revisions"}],"predecessor-version":[{"id":1781,"href":"https:\/\/actionnairespourleclimat.org\/index.php\/wp-json\/wp\/v2\/posts\/1776\/revisions\/1781"}],"wp:featuredmedia":[{"embeddable":true,"href":"https:\/\/actionnairespourleclimat.org\/index.php\/wp-json\/wp\/v2\/media\/1777"}],"wp:attachment":[{"href":"https:\/\/actionnairespourleclimat.org\/index.php\/wp-json\/wp\/v2\/media?parent=1776"}],"wp:term":[{"taxonomy":"category","embeddable":true,"href":"https:\/\/actionnairespourleclimat.org\/index.php\/wp-json\/wp\/v2\/categories?post=1776"},{"taxonomy":"post_tag","embeddable":true,"href":"https:\/\/actionnairespourleclimat.org\/index.php\/wp-json\/wp\/v2\/tags?post=1776"}],"curies":[{"name":"wp","href":"https:\/\/api.w.org\/{rel}","templated":true}]}}