{"id":1717,"date":"2023-07-01T18:23:00","date_gmt":"2023-07-01T16:23:00","guid":{"rendered":"https:\/\/actionnairespourleclimat.org\/?p=1717"},"modified":"2023-12-22T09:32:56","modified_gmt":"2023-12-22T08:32:56","slug":"tribune-du-monde-du-30-04-2023","status":"publish","type":"post","link":"https:\/\/actionnairespourleclimat.org\/index.php\/2023\/07\/01\/tribune-du-monde-du-30-04-2023\/","title":{"rendered":"Tribune du Monde du 30\/04\/2023"},"content":{"rendered":"\t\t<div data-elementor-type=\"wp-post\" data-elementor-id=\"1717\" class=\"elementor elementor-1717\" data-elementor-post-type=\"post\">\n\t\t\t\t<div class=\"elementor-element elementor-element-768ae68 e-flex e-con-boxed e-con e-parent\" data-id=\"768ae68\" data-element_type=\"container\" data-e-type=\"container\">\n\t\t\t\t\t<div class=\"e-con-inner\">\n\t\t\t\t<div class=\"elementor-element elementor-element-ea20e57 elementor-widget elementor-widget-text-editor\" data-id=\"ea20e57\" data-element_type=\"widget\" data-e-type=\"widget\" data-widget_type=\"text-editor.default\">\n\t\t\t\t<div class=\"elementor-widget-container\">\n\t\t\t\t\t\t\t\t\t<ul><li>Tribune co-sign\u00e9e par Alain Grandjean, Patrick Criqui, Marielle Mathieu et Muttiah Yoganthan<\/li><li>Les obligations juridiques d\u2019att\u00e9nuation et de r\u00e9paration des impacts environnementaux impliquent d\u2019anticiper les charges futures li\u00e9es \u00e0 ces contraintes. Pourtant, il appara\u00eet que les co\u00fbts futurs li\u00e9s au respect des engagements de neutralit\u00e9 ne sont pas aujourd\u2019hui comptabilis\u00e9s correctement. Comment combler cette lacune ?<\/li><\/ul>\t\t\t\t\t\t\t\t<\/div>\n\t\t\t\t<\/div>\n\t\t\t\t<div class=\"elementor-element elementor-element-d43866c elementor-align-center elementor-widget elementor-widget-button\" data-id=\"d43866c\" data-element_type=\"widget\" data-e-type=\"widget\" data-widget_type=\"button.default\">\n\t\t\t\t<div class=\"elementor-widget-container\">\n\t\t\t\t\t\t\t\t\t<div class=\"elementor-button-wrapper\">\n\t\t\t\t\t<a class=\"elementor-button elementor-button-link elementor-size-sm elementor-animation-grow\" href=\"https:\/\/actionnairespourleclimat.org\/wp-content\/uploads\/2023\/10\/Publi6-Tribune-du-Monde.pdf\" target=\"_blank\">\n\t\t\t\t\t\t<span class=\"elementor-button-content-wrapper\">\n\t\t\t\t\t\t\t\t\t<span class=\"elementor-button-text\">T\u00e9l\u00e9charger l'article<\/span>\n\t\t\t\t\t<\/span>\n\t\t\t\t\t<\/a>\n\t\t\t\t<\/div>\n\t\t\t\t\t\t\t\t<\/div>\n\t\t\t\t<\/div>\n\t\t\t\t\t<\/div>\n\t\t\t\t<\/div>\n\t\t\t\t<\/div>\n\t\t","protected":false},"excerpt":{"rendered":"<p>Tribune co-sign\u00e9e par Alain Grandjean, Patrick Criqui, Marielle Mathieu et Muttiah Yoganthan Les obligations juridiques d\u2019att\u00e9nuation et de r\u00e9paration des impacts environnementaux impliquent d\u2019anticiper les charges futures li\u00e9es \u00e0 ces contraintes. Pourtant, il appara\u00eet que les co\u00fbts futurs li\u00e9s au respect des engagements de neutralit\u00e9 ne sont pas aujourd\u2019hui comptabilis\u00e9s correctement. Comment combler cette lacune [&hellip;]<\/p>\n","protected":false},"author":1,"featured_media":224,"comment_status":"open","ping_status":"open","sticky":false,"template":"","format":"standard","meta":{"footnotes":""},"categories":[1],"tags":[],"class_list":["post-1717","post","type-post","status-publish","format-standard","has-post-thumbnail","hentry","category-non-classe"],"yoast_head":"<!-- This site is optimized with the Yoast SEO plugin v27.5 - https:\/\/yoast.com\/product\/yoast-seo-wordpress\/ -->\n<title>Tribune du Monde du 30\/04\/2023 - Actionnaires pour le climat<\/title>\n<meta name=\"robots\" content=\"index, follow, max-snippet:-1, max-image-preview:large, max-video-preview:-1\" \/>\n<link rel=\"canonical\" href=\"https:\/\/actionnairespourleclimat.org\/index.php\/2023\/07\/01\/tribune-du-monde-du-30-04-2023\/\" \/>\n<meta property=\"og:locale\" content=\"fr_FR\" \/>\n<meta property=\"og:type\" content=\"article\" \/>\n<meta property=\"og:title\" content=\"Tribune du Monde du 30\/04\/2023 - Actionnaires pour le climat\" \/>\n<meta property=\"og:description\" content=\"Tribune co-sign\u00e9e par Alain Grandjean, Patrick Criqui, Marielle Mathieu et Muttiah Yoganthan Les obligations juridiques d\u2019att\u00e9nuation et de r\u00e9paration des impacts environnementaux impliquent d\u2019anticiper les charges futures li\u00e9es \u00e0 ces contraintes. Pourtant, il appara\u00eet que les co\u00fbts futurs li\u00e9s au respect des engagements de neutralit\u00e9 ne sont pas aujourd\u2019hui comptabilis\u00e9s correctement. Comment combler cette lacune [&hellip;]\" \/>\n<meta property=\"og:url\" content=\"https:\/\/actionnairespourleclimat.org\/index.php\/2023\/07\/01\/tribune-du-monde-du-30-04-2023\/\" \/>\n<meta property=\"og:site_name\" content=\"Actionnaires pour le climat\" \/>\n<meta property=\"article:published_time\" content=\"2023-07-01T16:23:00+00:00\" \/>\n<meta property=\"article:modified_time\" content=\"2023-12-22T08:32:56+00:00\" \/>\n<meta property=\"og:image\" content=\"https:\/\/actionnairespourleclimat.org\/wp-content\/uploads\/2023\/10\/Logo-le-monde.png\" \/>\n\t<meta property=\"og:image:width\" content=\"1334\" \/>\n\t<meta property=\"og:image:height\" content=\"667\" \/>\n\t<meta property=\"og:image:type\" content=\"image\/png\" \/>\n<meta name=\"author\" content=\"admin2861\" \/>\n<meta name=\"twitter:card\" content=\"summary_large_image\" \/>\n<meta name=\"twitter:label1\" content=\"\u00c9crit par\" \/>\n\t<meta name=\"twitter:data1\" content=\"admin2861\" \/>\n\t<meta name=\"twitter:label2\" content=\"Dur\u00e9e de lecture estim\u00e9e\" \/>\n\t<meta name=\"twitter:data2\" content=\"1 minute\" \/>\n<script type=\"application\/ld+json\" class=\"yoast-schema-graph\">{\"@context\":\"https:\\\/\\\/schema.org\",\"@graph\":[{\"@type\":\"Article\",\"@id\":\"https:\\\/\\\/actionnairespourleclimat.org\\\/index.php\\\/2023\\\/07\\\/01\\\/tribune-du-monde-du-30-04-2023\\\/#article\",\"isPartOf\":{\"@id\":\"https:\\\/\\\/actionnairespourleclimat.org\\\/index.php\\\/2023\\\/07\\\/01\\\/tribune-du-monde-du-30-04-2023\\\/\"},\"author\":{\"name\":\"admin2861\",\"@id\":\"https:\\\/\\\/actionnairespourleclimat.org\\\/#\\\/schema\\\/person\\\/431f58277034f5d470c5b8f3dc9b4c6c\"},\"headline\":\"Tribune du Monde du 30\\\/04\\\/2023\",\"datePublished\":\"2023-07-01T16:23:00+00:00\",\"dateModified\":\"2023-12-22T08:32:56+00:00\",\"mainEntityOfPage\":{\"@id\":\"https:\\\/\\\/actionnairespourleclimat.org\\\/index.php\\\/2023\\\/07\\\/01\\\/tribune-du-monde-du-30-04-2023\\\/\"},\"wordCount\":74,\"commentCount\":0,\"publisher\":{\"@id\":\"https:\\\/\\\/actionnairespourleclimat.org\\\/#organization\"},\"image\":{\"@id\":\"https:\\\/\\\/actionnairespourleclimat.org\\\/index.php\\\/2023\\\/07\\\/01\\\/tribune-du-monde-du-30-04-2023\\\/#primaryimage\"},\"thumbnailUrl\":\"https:\\\/\\\/actionnairespourleclimat.org\\\/wp-content\\\/uploads\\\/2023\\\/10\\\/Logo-le-monde.png\",\"inLanguage\":\"fr-FR\",\"potentialAction\":[{\"@type\":\"CommentAction\",\"name\":\"Comment\",\"target\":[\"https:\\\/\\\/actionnairespourleclimat.org\\\/index.php\\\/2023\\\/07\\\/01\\\/tribune-du-monde-du-30-04-2023\\\/#respond\"]}]},{\"@type\":\"WebPage\",\"@id\":\"https:\\\/\\\/actionnairespourleclimat.org\\\/index.php\\\/2023\\\/07\\\/01\\\/tribune-du-monde-du-30-04-2023\\\/\",\"url\":\"https:\\\/\\\/actionnairespourleclimat.org\\\/index.php\\\/2023\\\/07\\\/01\\\/tribune-du-monde-du-30-04-2023\\\/\",\"name\":\"Tribune du Monde du 30\\\/04\\\/2023 - Actionnaires pour le climat\",\"isPartOf\":{\"@id\":\"https:\\\/\\\/actionnairespourleclimat.org\\\/#website\"},\"primaryImageOfPage\":{\"@id\":\"https:\\\/\\\/actionnairespourleclimat.org\\\/index.php\\\/2023\\\/07\\\/01\\\/tribune-du-monde-du-30-04-2023\\\/#primaryimage\"},\"image\":{\"@id\":\"https:\\\/\\\/actionnairespourleclimat.org\\\/index.php\\\/2023\\\/07\\\/01\\\/tribune-du-monde-du-30-04-2023\\\/#primaryimage\"},\"thumbnailUrl\":\"https:\\\/\\\/actionnairespourleclimat.org\\\/wp-content\\\/uploads\\\/2023\\\/10\\\/Logo-le-monde.png\",\"datePublished\":\"2023-07-01T16:23:00+00:00\",\"dateModified\":\"2023-12-22T08:32:56+00:00\",\"breadcrumb\":{\"@id\":\"https:\\\/\\\/actionnairespourleclimat.org\\\/index.php\\\/2023\\\/07\\\/01\\\/tribune-du-monde-du-30-04-2023\\\/#breadcrumb\"},\"inLanguage\":\"fr-FR\",\"potentialAction\":[{\"@type\":\"ReadAction\",\"target\":[\"https:\\\/\\\/actionnairespourleclimat.org\\\/index.php\\\/2023\\\/07\\\/01\\\/tribune-du-monde-du-30-04-2023\\\/\"]}]},{\"@type\":\"ImageObject\",\"inLanguage\":\"fr-FR\",\"@id\":\"https:\\\/\\\/actionnairespourleclimat.org\\\/index.php\\\/2023\\\/07\\\/01\\\/tribune-du-monde-du-30-04-2023\\\/#primaryimage\",\"url\":\"https:\\\/\\\/actionnairespourleclimat.org\\\/wp-content\\\/uploads\\\/2023\\\/10\\\/Logo-le-monde.png\",\"contentUrl\":\"https:\\\/\\\/actionnairespourleclimat.org\\\/wp-content\\\/uploads\\\/2023\\\/10\\\/Logo-le-monde.png\",\"width\":1334,\"height\":667},{\"@type\":\"BreadcrumbList\",\"@id\":\"https:\\\/\\\/actionnairespourleclimat.org\\\/index.php\\\/2023\\\/07\\\/01\\\/tribune-du-monde-du-30-04-2023\\\/#breadcrumb\",\"itemListElement\":[{\"@type\":\"ListItem\",\"position\":1,\"name\":\"Accueil\",\"item\":\"https:\\\/\\\/actionnairespourleclimat.org\\\/\"},{\"@type\":\"ListItem\",\"position\":2,\"name\":\"Tribune du Monde du 30\\\/04\\\/2023\"}]},{\"@type\":\"WebSite\",\"@id\":\"https:\\\/\\\/actionnairespourleclimat.org\\\/#website\",\"url\":\"https:\\\/\\\/actionnairespourleclimat.org\\\/\",\"name\":\"Actionnaires pour le climat\",\"description\":\"L\u2019engagement actionnarial, un levier essentiel de la transition \u00e9cologique des entreprises\",\"publisher\":{\"@id\":\"https:\\\/\\\/actionnairespourleclimat.org\\\/#organization\"},\"potentialAction\":[{\"@type\":\"SearchAction\",\"target\":{\"@type\":\"EntryPoint\",\"urlTemplate\":\"https:\\\/\\\/actionnairespourleclimat.org\\\/?s={search_term_string}\"},\"query-input\":{\"@type\":\"PropertyValueSpecification\",\"valueRequired\":true,\"valueName\":\"search_term_string\"}}],\"inLanguage\":\"fr-FR\"},{\"@type\":\"Organization\",\"@id\":\"https:\\\/\\\/actionnairespourleclimat.org\\\/#organization\",\"name\":\"Actionnaires pour le climat\",\"url\":\"https:\\\/\\\/actionnairespourleclimat.org\\\/\",\"logo\":{\"@type\":\"ImageObject\",\"inLanguage\":\"fr-FR\",\"@id\":\"https:\\\/\\\/actionnairespourleclimat.org\\\/#\\\/schema\\\/logo\\\/image\\\/\",\"url\":\"https:\\\/\\\/actionnairespourleclimat.org\\\/wp-content\\\/uploads\\\/2023\\\/10\\\/Logo-APLC-V3.png\",\"contentUrl\":\"https:\\\/\\\/actionnairespourleclimat.org\\\/wp-content\\\/uploads\\\/2023\\\/10\\\/Logo-APLC-V3.png\",\"width\":1747,\"height\":776,\"caption\":\"Actionnaires pour le climat\"},\"image\":{\"@id\":\"https:\\\/\\\/actionnairespourleclimat.org\\\/#\\\/schema\\\/logo\\\/image\\\/\"}},{\"@type\":\"Person\",\"@id\":\"https:\\\/\\\/actionnairespourleclimat.org\\\/#\\\/schema\\\/person\\\/431f58277034f5d470c5b8f3dc9b4c6c\",\"name\":\"admin2861\",\"image\":{\"@type\":\"ImageObject\",\"inLanguage\":\"fr-FR\",\"@id\":\"https:\\\/\\\/secure.gravatar.com\\\/avatar\\\/ef3def7836c1e73bb53c55ecff2b0c16dd02d6df26c4f480746ea848f583b098?s=96&d=mm&r=g\",\"url\":\"https:\\\/\\\/secure.gravatar.com\\\/avatar\\\/ef3def7836c1e73bb53c55ecff2b0c16dd02d6df26c4f480746ea848f583b098?s=96&d=mm&r=g\",\"contentUrl\":\"https:\\\/\\\/secure.gravatar.com\\\/avatar\\\/ef3def7836c1e73bb53c55ecff2b0c16dd02d6df26c4f480746ea848f583b098?s=96&d=mm&r=g\",\"caption\":\"admin2861\"},\"sameAs\":[\"http:\\\/\\\/actionnairespourleclimat.org\"],\"url\":\"https:\\\/\\\/actionnairespourleclimat.org\\\/index.php\\\/author\\\/admin2861\\\/\"}]}<\/script>\n<!-- \/ Yoast SEO plugin. -->","yoast_head_json":{"title":"Tribune du Monde du 30\/04\/2023 - Actionnaires pour le climat","robots":{"index":"index","follow":"follow","max-snippet":"max-snippet:-1","max-image-preview":"max-image-preview:large","max-video-preview":"max-video-preview:-1"},"canonical":"https:\/\/actionnairespourleclimat.org\/index.php\/2023\/07\/01\/tribune-du-monde-du-30-04-2023\/","og_locale":"fr_FR","og_type":"article","og_title":"Tribune du Monde du 30\/04\/2023 - Actionnaires pour le climat","og_description":"Tribune co-sign\u00e9e par Alain Grandjean, Patrick Criqui, Marielle Mathieu et Muttiah Yoganthan Les obligations juridiques d\u2019att\u00e9nuation et de r\u00e9paration des impacts environnementaux impliquent d\u2019anticiper les charges futures li\u00e9es \u00e0 ces contraintes. Pourtant, il appara\u00eet que les co\u00fbts futurs li\u00e9s au respect des engagements de neutralit\u00e9 ne sont pas aujourd\u2019hui comptabilis\u00e9s correctement. Comment combler cette lacune [&hellip;]","og_url":"https:\/\/actionnairespourleclimat.org\/index.php\/2023\/07\/01\/tribune-du-monde-du-30-04-2023\/","og_site_name":"Actionnaires pour le climat","article_published_time":"2023-07-01T16:23:00+00:00","article_modified_time":"2023-12-22T08:32:56+00:00","og_image":[{"width":1334,"height":667,"url":"https:\/\/actionnairespourleclimat.org\/wp-content\/uploads\/2023\/10\/Logo-le-monde.png","type":"image\/png"}],"author":"admin2861","twitter_card":"summary_large_image","twitter_misc":{"\u00c9crit par":"admin2861","Dur\u00e9e de lecture estim\u00e9e":"1 minute"},"schema":{"@context":"https:\/\/schema.org","@graph":[{"@type":"Article","@id":"https:\/\/actionnairespourleclimat.org\/index.php\/2023\/07\/01\/tribune-du-monde-du-30-04-2023\/#article","isPartOf":{"@id":"https:\/\/actionnairespourleclimat.org\/index.php\/2023\/07\/01\/tribune-du-monde-du-30-04-2023\/"},"author":{"name":"admin2861","@id":"https:\/\/actionnairespourleclimat.org\/#\/schema\/person\/431f58277034f5d470c5b8f3dc9b4c6c"},"headline":"Tribune du Monde du 30\/04\/2023","datePublished":"2023-07-01T16:23:00+00:00","dateModified":"2023-12-22T08:32:56+00:00","mainEntityOfPage":{"@id":"https:\/\/actionnairespourleclimat.org\/index.php\/2023\/07\/01\/tribune-du-monde-du-30-04-2023\/"},"wordCount":74,"commentCount":0,"publisher":{"@id":"https:\/\/actionnairespourleclimat.org\/#organization"},"image":{"@id":"https:\/\/actionnairespourleclimat.org\/index.php\/2023\/07\/01\/tribune-du-monde-du-30-04-2023\/#primaryimage"},"thumbnailUrl":"https:\/\/actionnairespourleclimat.org\/wp-content\/uploads\/2023\/10\/Logo-le-monde.png","inLanguage":"fr-FR","potentialAction":[{"@type":"CommentAction","name":"Comment","target":["https:\/\/actionnairespourleclimat.org\/index.php\/2023\/07\/01\/tribune-du-monde-du-30-04-2023\/#respond"]}]},{"@type":"WebPage","@id":"https:\/\/actionnairespourleclimat.org\/index.php\/2023\/07\/01\/tribune-du-monde-du-30-04-2023\/","url":"https:\/\/actionnairespourleclimat.org\/index.php\/2023\/07\/01\/tribune-du-monde-du-30-04-2023\/","name":"Tribune du Monde du 30\/04\/2023 - Actionnaires pour le climat","isPartOf":{"@id":"https:\/\/actionnairespourleclimat.org\/#website"},"primaryImageOfPage":{"@id":"https:\/\/actionnairespourleclimat.org\/index.php\/2023\/07\/01\/tribune-du-monde-du-30-04-2023\/#primaryimage"},"image":{"@id":"https:\/\/actionnairespourleclimat.org\/index.php\/2023\/07\/01\/tribune-du-monde-du-30-04-2023\/#primaryimage"},"thumbnailUrl":"https:\/\/actionnairespourleclimat.org\/wp-content\/uploads\/2023\/10\/Logo-le-monde.png","datePublished":"2023-07-01T16:23:00+00:00","dateModified":"2023-12-22T08:32:56+00:00","breadcrumb":{"@id":"https:\/\/actionnairespourleclimat.org\/index.php\/2023\/07\/01\/tribune-du-monde-du-30-04-2023\/#breadcrumb"},"inLanguage":"fr-FR","potentialAction":[{"@type":"ReadAction","target":["https:\/\/actionnairespourleclimat.org\/index.php\/2023\/07\/01\/tribune-du-monde-du-30-04-2023\/"]}]},{"@type":"ImageObject","inLanguage":"fr-FR","@id":"https:\/\/actionnairespourleclimat.org\/index.php\/2023\/07\/01\/tribune-du-monde-du-30-04-2023\/#primaryimage","url":"https:\/\/actionnairespourleclimat.org\/wp-content\/uploads\/2023\/10\/Logo-le-monde.png","contentUrl":"https:\/\/actionnairespourleclimat.org\/wp-content\/uploads\/2023\/10\/Logo-le-monde.png","width":1334,"height":667},{"@type":"BreadcrumbList","@id":"https:\/\/actionnairespourleclimat.org\/index.php\/2023\/07\/01\/tribune-du-monde-du-30-04-2023\/#breadcrumb","itemListElement":[{"@type":"ListItem","position":1,"name":"Accueil","item":"https:\/\/actionnairespourleclimat.org\/"},{"@type":"ListItem","position":2,"name":"Tribune du Monde du 30\/04\/2023"}]},{"@type":"WebSite","@id":"https:\/\/actionnairespourleclimat.org\/#website","url":"https:\/\/actionnairespourleclimat.org\/","name":"Actionnaires pour le climat","description":"L\u2019engagement actionnarial, un levier essentiel de la transition \u00e9cologique des entreprises","publisher":{"@id":"https:\/\/actionnairespourleclimat.org\/#organization"},"potentialAction":[{"@type":"SearchAction","target":{"@type":"EntryPoint","urlTemplate":"https:\/\/actionnairespourleclimat.org\/?s={search_term_string}"},"query-input":{"@type":"PropertyValueSpecification","valueRequired":true,"valueName":"search_term_string"}}],"inLanguage":"fr-FR"},{"@type":"Organization","@id":"https:\/\/actionnairespourleclimat.org\/#organization","name":"Actionnaires pour le climat","url":"https:\/\/actionnairespourleclimat.org\/","logo":{"@type":"ImageObject","inLanguage":"fr-FR","@id":"https:\/\/actionnairespourleclimat.org\/#\/schema\/logo\/image\/","url":"https:\/\/actionnairespourleclimat.org\/wp-content\/uploads\/2023\/10\/Logo-APLC-V3.png","contentUrl":"https:\/\/actionnairespourleclimat.org\/wp-content\/uploads\/2023\/10\/Logo-APLC-V3.png","width":1747,"height":776,"caption":"Actionnaires pour le climat"},"image":{"@id":"https:\/\/actionnairespourleclimat.org\/#\/schema\/logo\/image\/"}},{"@type":"Person","@id":"https:\/\/actionnairespourleclimat.org\/#\/schema\/person\/431f58277034f5d470c5b8f3dc9b4c6c","name":"admin2861","image":{"@type":"ImageObject","inLanguage":"fr-FR","@id":"https:\/\/secure.gravatar.com\/avatar\/ef3def7836c1e73bb53c55ecff2b0c16dd02d6df26c4f480746ea848f583b098?s=96&d=mm&r=g","url":"https:\/\/secure.gravatar.com\/avatar\/ef3def7836c1e73bb53c55ecff2b0c16dd02d6df26c4f480746ea848f583b098?s=96&d=mm&r=g","contentUrl":"https:\/\/secure.gravatar.com\/avatar\/ef3def7836c1e73bb53c55ecff2b0c16dd02d6df26c4f480746ea848f583b098?s=96&d=mm&r=g","caption":"admin2861"},"sameAs":["http:\/\/actionnairespourleclimat.org"],"url":"https:\/\/actionnairespourleclimat.org\/index.php\/author\/admin2861\/"}]}},"_links":{"self":[{"href":"https:\/\/actionnairespourleclimat.org\/index.php\/wp-json\/wp\/v2\/posts\/1717","targetHints":{"allow":["GET"]}}],"collection":[{"href":"https:\/\/actionnairespourleclimat.org\/index.php\/wp-json\/wp\/v2\/posts"}],"about":[{"href":"https:\/\/actionnairespourleclimat.org\/index.php\/wp-json\/wp\/v2\/types\/post"}],"author":[{"embeddable":true,"href":"https:\/\/actionnairespourleclimat.org\/index.php\/wp-json\/wp\/v2\/users\/1"}],"replies":[{"embeddable":true,"href":"https:\/\/actionnairespourleclimat.org\/index.php\/wp-json\/wp\/v2\/comments?post=1717"}],"version-history":[{"count":4,"href":"https:\/\/actionnairespourleclimat.org\/index.php\/wp-json\/wp\/v2\/posts\/1717\/revisions"}],"predecessor-version":[{"id":1721,"href":"https:\/\/actionnairespourleclimat.org\/index.php\/wp-json\/wp\/v2\/posts\/1717\/revisions\/1721"}],"wp:featuredmedia":[{"embeddable":true,"href":"https:\/\/actionnairespourleclimat.org\/index.php\/wp-json\/wp\/v2\/media\/224"}],"wp:attachment":[{"href":"https:\/\/actionnairespourleclimat.org\/index.php\/wp-json\/wp\/v2\/media?parent=1717"}],"wp:term":[{"taxonomy":"category","embeddable":true,"href":"https:\/\/actionnairespourleclimat.org\/index.php\/wp-json\/wp\/v2\/categories?post=1717"},{"taxonomy":"post_tag","embeddable":true,"href":"https:\/\/actionnairespourleclimat.org\/index.php\/wp-json\/wp\/v2\/tags?post=1717"}],"curies":[{"name":"wp","href":"https:\/\/api.w.org\/{rel}","templated":true}]}}